{"id":1599,"date":"2020-07-01T15:58:53","date_gmt":"2020-07-01T14:58:53","guid":{"rendered":"http:\/\/perso.ens-lyon.fr\/ghys\/?p=1599"},"modified":"2020-12-07T16:00:58","modified_gmt":"2020-12-07T15:00:58","slug":"does-the-covid-19-pandemic-herald-the-end-of-the-mathematics-laboratory-concept","status":"publish","type":"post","link":"https:\/\/perso.ens-lyon.fr\/ghys\/2020\/07\/01\/does-the-covid-19-pandemic-herald-the-end-of-the-mathematics-laboratory-concept\/","title":{"rendered":"Does the Covid-19 pandemic herald the end of the mathematics laboratory concept?"},"content":{"rendered":"\n<p><a href=\"https:\/\/www.lemonde.fr\/sciences\/article\/2020\/07\/01\/la-pandemie-de-covid-19-annonce-t-elle-la-fin-du-concept-de-laboratoire-de-mathematiques_6044863_1650684.html\">https:\/\/www.lemonde.fr\/sciences\/article\/2020\/07\/01\/la-pandemie-de-covid-19-annonce-t-elle-la-fin-du-concept-de-laboratoire-de-mathematiques_6044863_1650684.html<\/a><\/p>\n\n\n\n<p>In his column in \u00ab\u00a0Le Monde\u00a0\u00bb, the mathematician Etienne Ghys notes that the confinement has brutally accelerated, with the imposed teleconferences, a process of reduction of physical interactions between researchers.<\/p>\n\n\n\n<p>Carte blanche. The months of confinement that we have just experienced will probably permanently change the working methods of scientific researchers, including those with no connection to biology. Mathematicians, for example, do not use experimental equipment, and their physical presence in the laboratory may not seem indispensable. They have been among those for whom teleworking has been the easiest to set up.<br>\nThe Researchseminars.org site lists 739 mathematics presentations that can be participated in via the Internet, being able to interact live with the lecturers on all subjects, at any time of the day or night, taking advantage of the time difference. This opens up unprecedented possibilities for communication between researchers and abruptly accelerates a slowly evolving process. The consequences that this will have on the social life of the mathematical community are unknown.<br>\nMathematicians usually work alone, but of course they need to exchange ideas with other colleagues. For a century, a major communication tool has been the laboratory seminar. These are meetings, usually weekly, during which a new result is presented to the members of a team. In France, the first seminar was created in 1920 by Jacques Hadamard, a professor at the Coll\u00e8ge de France. At the beginning of the academic year, he would invite a few mathematicians to his home and distribute recently published research articles to be studied. He would then draw up an annual program.<\/p>\n\n\n\n<p><strong>The seminar, a Sunday mass<\/strong><\/p>\n\n\n\n<p>At the time, the Hadamard seminar was unique in France, but today, all the teams in the mathematics laboratories are organized around their seminars. Their role goes far beyond the transmission of knowledge: they are social events that unite the teams. They are sometimes compared to Sunday mass. Sometimes one attends out of obligation, or to see friends and colleagues. It must be said that it is not always easy to follow a mathematics conference and that one is often lost, sometimes from the very first sentences.<br>\nOver the last twenty years or so, the Internet has, of course, made these modes of communication evolve. First of all, all scientific journals are now available online. In the past, mathematicians used to go to their laboratories to be close to their library, which was their real working tool. This is still the case, but libraries have become virtual. E-mail, which is abused, has replaced the letters that were carefully written by thinking about each word. It&rsquo;s not uncommon to see researchers, with a helmet on their head, collaborating via Skype with someone on the other side of the world, and forgetting to go and chat with their close colleagues in the common room of the laboratory.<br>\nThis gradual evolution has great advantages, of course, but also obvious disadvantages. The weekly \u00ab\u00a0face-to-face\u00a0\u00bb seminars remained, however, and made it possible to preserve the human link within the teams. The pandemic suddenly accelerated this evolution: the seminars had to meet by videoconference, and participants no longer had to be members of the same laboratory. Lists of \u00ab\u00a0global web-seminars\u00a0\u00bb emerged, offering impressive amounts of live conferencing, each more appealing than the last. This evolution is probably irreversible. Does it herald the end of the mathematics laboratory concept? That would be a pity.<br>\nThis summer I&rsquo;m going to take part in a conference in Russia\u2026 without leaving home.<\/p>\n","protected":false},"excerpt":{"rendered":"<p>https:\/\/www.lemonde.fr\/sciences\/article\/2020\/07\/01\/la-pandemie-de-covid-19-annonce-t-elle-la-fin-du-concept-de-laboratoire-de-mathematiques_6044863_1650684.html In his column in \u00ab\u00a0Le Monde\u00a0\u00bb, the mathematician Etienne Ghys notes that the confinement has brutally accelerated, with the imposed teleconferences, a process of reduction of physical interactions between researchers. Carte blanche. The months of confinement that we have just experienced will probably permanently change the working methods of scientific researchers, including those with &hellip; <a href=\"https:\/\/perso.ens-lyon.fr\/ghys\/2020\/07\/01\/does-the-covid-19-pandemic-herald-the-end-of-the-mathematics-laboratory-concept\/\" class=\"more-link\">Continuer la lecture de <span class=\"screen-reader-text\">Does the Covid-19 pandemic herald the end of the mathematics laboratory concept?<\/span> <span class=\"meta-nav\">&rarr;<\/span><\/a><\/p>\n","protected":false},"author":1,"featured_media":0,"comment_status":"open","ping_status":"open","sticky":false,"template":"","format":"standard","meta":{"_uag_custom_page_level_css":"","ub_ctt_via":"","_exactmetrics_skip_tracking":false,"_exactmetrics_sitenote_active":false,"_exactmetrics_sitenote_note":"","_exactmetrics_sitenote_category":0,"episode_type":"","audio_file":"","cover_image":"","cover_image_id":"","duration":"","filesize":"","date_recorded":"","explicit":"","block":"","itunes_episode_number":"","itunes_title":"","itunes_season_number":"","itunes_episode_type":"","filesize_raw":"","footnotes":""},"categories":[7],"tags":[],"class_list":["post-1599","post","type-post","status-publish","format-standard","hentry","category-non-classe-en"],"featured_image_src":null,"author_info":{"display_name":"ghys","author_link":"https:\/\/perso.ens-lyon.fr\/ghys\/author\/ghys\/"},"yoast_head":"<!-- This site is optimized with the Yoast SEO plugin v25.4 - https:\/\/yoast.com\/wordpress\/plugins\/seo\/ -->\n<title>Does the Covid-19 pandemic herald the end of the mathematics laboratory concept? - \u00c9tienne Ghys<\/title>\n<meta name=\"robots\" content=\"index, follow, max-snippet:-1, max-image-preview:large, max-video-preview:-1\" \/>\n<link rel=\"canonical\" href=\"https:\/\/perso.ens-lyon.fr\/ghys\/2020\/07\/01\/does-the-covid-19-pandemic-herald-the-end-of-the-mathematics-laboratory-concept\/\" \/>\n<meta property=\"og:locale\" content=\"fr_FR\" \/>\n<meta property=\"og:type\" content=\"article\" \/>\n<meta property=\"og:title\" content=\"Does the Covid-19 pandemic herald the end of the mathematics laboratory concept? - \u00c9tienne Ghys\" \/>\n<meta property=\"og:description\" content=\"https:\/\/www.lemonde.fr\/sciences\/article\/2020\/07\/01\/la-pandemie-de-covid-19-annonce-t-elle-la-fin-du-concept-de-laboratoire-de-mathematiques_6044863_1650684.html In his column in \u00ab\u00a0Le Monde\u00a0\u00bb, the mathematician Etienne Ghys notes that the confinement has brutally accelerated, with the imposed teleconferences, a process of reduction of physical interactions between researchers. Carte blanche. The months of confinement that we have just experienced will probably permanently change the working methods of scientific researchers, including those with &hellip; Continuer la lecture de Does the Covid-19 pandemic herald the end of the mathematics laboratory concept? &rarr;\" \/>\n<meta property=\"og:url\" content=\"https:\/\/perso.ens-lyon.fr\/ghys\/2020\/07\/01\/does-the-covid-19-pandemic-herald-the-end-of-the-mathematics-laboratory-concept\/\" \/>\n<meta property=\"og:site_name\" content=\"\u00c9tienne Ghys\" \/>\n<meta property=\"article:published_time\" content=\"2020-07-01T14:58:53+00:00\" \/>\n<meta property=\"article:modified_time\" content=\"2020-12-07T15:00:58+00:00\" \/>\n<meta name=\"author\" content=\"ghys\" \/>\n<meta name=\"twitter:card\" content=\"summary_large_image\" \/>\n<meta name=\"twitter:label1\" content=\"\u00c9crit par\" \/>\n\t<meta name=\"twitter:data1\" content=\"ghys\" \/>\n\t<meta name=\"twitter:label2\" content=\"Dur\u00e9e de lecture estim\u00e9e\" \/>\n\t<meta name=\"twitter:data2\" content=\"3 minutes\" \/>\n<script type=\"application\/ld+json\" class=\"yoast-schema-graph\">{\"@context\":\"https:\/\/schema.org\",\"@graph\":[{\"@type\":\"WebPage\",\"@id\":\"https:\/\/perso.ens-lyon.fr\/ghys\/2020\/07\/01\/does-the-covid-19-pandemic-herald-the-end-of-the-mathematics-laboratory-concept\/\",\"url\":\"https:\/\/perso.ens-lyon.fr\/ghys\/2020\/07\/01\/does-the-covid-19-pandemic-herald-the-end-of-the-mathematics-laboratory-concept\/\",\"name\":\"Does the Covid-19 pandemic herald the end of the mathematics laboratory concept? - \u00c9tienne Ghys\",\"isPartOf\":{\"@id\":\"https:\/\/perso.ens-lyon.fr\/ghys\/#website\"},\"datePublished\":\"2020-07-01T14:58:53+00:00\",\"dateModified\":\"2020-12-07T15:00:58+00:00\",\"author\":{\"@id\":\"https:\/\/perso.ens-lyon.fr\/ghys\/#\/schema\/person\/069f6bb9d42c992d92bef80c575edce9\"},\"breadcrumb\":{\"@id\":\"https:\/\/perso.ens-lyon.fr\/ghys\/2020\/07\/01\/does-the-covid-19-pandemic-herald-the-end-of-the-mathematics-laboratory-concept\/#breadcrumb\"},\"inLanguage\":\"fr-FR\",\"potentialAction\":[{\"@type\":\"ReadAction\",\"target\":[\"https:\/\/perso.ens-lyon.fr\/ghys\/2020\/07\/01\/does-the-covid-19-pandemic-herald-the-end-of-the-mathematics-laboratory-concept\/\"]}]},{\"@type\":\"BreadcrumbList\",\"@id\":\"https:\/\/perso.ens-lyon.fr\/ghys\/2020\/07\/01\/does-the-covid-19-pandemic-herald-the-end-of-the-mathematics-laboratory-concept\/#breadcrumb\",\"itemListElement\":[{\"@type\":\"ListItem\",\"position\":1,\"name\":\"Accueil\",\"item\":\"https:\/\/perso.ens-lyon.fr\/ghys\/accueil\/\"},{\"@type\":\"ListItem\",\"position\":2,\"name\":\"Does the Covid-19 pandemic herald the end of the mathematics laboratory concept?\"}]},{\"@type\":\"WebSite\",\"@id\":\"https:\/\/perso.ens-lyon.fr\/ghys\/#website\",\"url\":\"https:\/\/perso.ens-lyon.fr\/ghys\/\",\"name\":\"\u00c9tienne Ghys\",\"description\":\"\",\"potentialAction\":[{\"@type\":\"SearchAction\",\"target\":{\"@type\":\"EntryPoint\",\"urlTemplate\":\"https:\/\/perso.ens-lyon.fr\/ghys\/?s={search_term_string}\"},\"query-input\":{\"@type\":\"PropertyValueSpecification\",\"valueRequired\":true,\"valueName\":\"search_term_string\"}}],\"inLanguage\":\"fr-FR\"},{\"@type\":\"Person\",\"@id\":\"https:\/\/perso.ens-lyon.fr\/ghys\/#\/schema\/person\/069f6bb9d42c992d92bef80c575edce9\",\"name\":\"ghys\",\"image\":{\"@type\":\"ImageObject\",\"inLanguage\":\"fr-FR\",\"@id\":\"https:\/\/perso.ens-lyon.fr\/ghys\/#\/schema\/person\/image\/\",\"url\":\"https:\/\/secure.gravatar.com\/avatar\/4482fb1bb546b94acf8ae35749ecbb87a8515a7bdaf0a461022cdc80db4db941?s=96&d=mm&r=g\",\"contentUrl\":\"https:\/\/secure.gravatar.com\/avatar\/4482fb1bb546b94acf8ae35749ecbb87a8515a7bdaf0a461022cdc80db4db941?s=96&d=mm&r=g\",\"caption\":\"ghys\"},\"url\":\"https:\/\/perso.ens-lyon.fr\/ghys\/author\/ghys\/\"}]}<\/script>\n<!-- \/ Yoast SEO plugin. -->","yoast_head_json":{"title":"Does the Covid-19 pandemic herald the end of the mathematics laboratory concept? - \u00c9tienne Ghys","robots":{"index":"index","follow":"follow","max-snippet":"max-snippet:-1","max-image-preview":"max-image-preview:large","max-video-preview":"max-video-preview:-1"},"canonical":"https:\/\/perso.ens-lyon.fr\/ghys\/2020\/07\/01\/does-the-covid-19-pandemic-herald-the-end-of-the-mathematics-laboratory-concept\/","og_locale":"fr_FR","og_type":"article","og_title":"Does the Covid-19 pandemic herald the end of the mathematics laboratory concept? - \u00c9tienne Ghys","og_description":"https:\/\/www.lemonde.fr\/sciences\/article\/2020\/07\/01\/la-pandemie-de-covid-19-annonce-t-elle-la-fin-du-concept-de-laboratoire-de-mathematiques_6044863_1650684.html In his column in \u00ab\u00a0Le Monde\u00a0\u00bb, the mathematician Etienne Ghys notes that the confinement has brutally accelerated, with the imposed teleconferences, a process of reduction of physical interactions between researchers. Carte blanche. The months of confinement that we have just experienced will probably permanently change the working methods of scientific researchers, including those with &hellip; Continuer la lecture de Does the Covid-19 pandemic herald the end of the mathematics laboratory concept? &rarr;","og_url":"https:\/\/perso.ens-lyon.fr\/ghys\/2020\/07\/01\/does-the-covid-19-pandemic-herald-the-end-of-the-mathematics-laboratory-concept\/","og_site_name":"\u00c9tienne Ghys","article_published_time":"2020-07-01T14:58:53+00:00","article_modified_time":"2020-12-07T15:00:58+00:00","author":"ghys","twitter_card":"summary_large_image","twitter_misc":{"\u00c9crit par":"ghys","Dur\u00e9e de lecture estim\u00e9e":"3 minutes"},"schema":{"@context":"https:\/\/schema.org","@graph":[{"@type":"WebPage","@id":"https:\/\/perso.ens-lyon.fr\/ghys\/2020\/07\/01\/does-the-covid-19-pandemic-herald-the-end-of-the-mathematics-laboratory-concept\/","url":"https:\/\/perso.ens-lyon.fr\/ghys\/2020\/07\/01\/does-the-covid-19-pandemic-herald-the-end-of-the-mathematics-laboratory-concept\/","name":"Does the Covid-19 pandemic herald the end of the mathematics laboratory concept? - \u00c9tienne Ghys","isPartOf":{"@id":"https:\/\/perso.ens-lyon.fr\/ghys\/#website"},"datePublished":"2020-07-01T14:58:53+00:00","dateModified":"2020-12-07T15:00:58+00:00","author":{"@id":"https:\/\/perso.ens-lyon.fr\/ghys\/#\/schema\/person\/069f6bb9d42c992d92bef80c575edce9"},"breadcrumb":{"@id":"https:\/\/perso.ens-lyon.fr\/ghys\/2020\/07\/01\/does-the-covid-19-pandemic-herald-the-end-of-the-mathematics-laboratory-concept\/#breadcrumb"},"inLanguage":"fr-FR","potentialAction":[{"@type":"ReadAction","target":["https:\/\/perso.ens-lyon.fr\/ghys\/2020\/07\/01\/does-the-covid-19-pandemic-herald-the-end-of-the-mathematics-laboratory-concept\/"]}]},{"@type":"BreadcrumbList","@id":"https:\/\/perso.ens-lyon.fr\/ghys\/2020\/07\/01\/does-the-covid-19-pandemic-herald-the-end-of-the-mathematics-laboratory-concept\/#breadcrumb","itemListElement":[{"@type":"ListItem","position":1,"name":"Accueil","item":"https:\/\/perso.ens-lyon.fr\/ghys\/accueil\/"},{"@type":"ListItem","position":2,"name":"Does the Covid-19 pandemic herald the end of the mathematics laboratory concept?"}]},{"@type":"WebSite","@id":"https:\/\/perso.ens-lyon.fr\/ghys\/#website","url":"https:\/\/perso.ens-lyon.fr\/ghys\/","name":"\u00c9tienne Ghys","description":"","potentialAction":[{"@type":"SearchAction","target":{"@type":"EntryPoint","urlTemplate":"https:\/\/perso.ens-lyon.fr\/ghys\/?s={search_term_string}"},"query-input":{"@type":"PropertyValueSpecification","valueRequired":true,"valueName":"search_term_string"}}],"inLanguage":"fr-FR"},{"@type":"Person","@id":"https:\/\/perso.ens-lyon.fr\/ghys\/#\/schema\/person\/069f6bb9d42c992d92bef80c575edce9","name":"ghys","image":{"@type":"ImageObject","inLanguage":"fr-FR","@id":"https:\/\/perso.ens-lyon.fr\/ghys\/#\/schema\/person\/image\/","url":"https:\/\/secure.gravatar.com\/avatar\/4482fb1bb546b94acf8ae35749ecbb87a8515a7bdaf0a461022cdc80db4db941?s=96&d=mm&r=g","contentUrl":"https:\/\/secure.gravatar.com\/avatar\/4482fb1bb546b94acf8ae35749ecbb87a8515a7bdaf0a461022cdc80db4db941?s=96&d=mm&r=g","caption":"ghys"},"url":"https:\/\/perso.ens-lyon.fr\/ghys\/author\/ghys\/"}]}},"uagb_featured_image_src":{"full":false,"thumbnail":false,"medium":false,"medium_large":false,"large":false,"1536x1536":false,"2048x2048":false,"post-thumbnail":false},"uagb_author_info":{"display_name":"ghys","author_link":"https:\/\/perso.ens-lyon.fr\/ghys\/author\/ghys\/"},"uagb_comment_info":7,"uagb_excerpt":"https:\/\/www.lemonde.fr\/sciences\/article\/2020\/07\/01\/la-pandemie-de-covid-19-annonce-t-elle-la-fin-du-concept-de-laboratoire-de-mathematiques_6044863_1650684.html In his column in \u00ab\u00a0Le Monde\u00a0\u00bb, the mathematician Etienne Ghys notes that the confinement has brutally accelerated, with the imposed teleconferences, a process of reduction of physical interactions between researchers. Carte blanche. The months of confinement that we have just experienced will probably permanently change the working methods of scientific researchers, including those with\u2026","_links":{"self":[{"href":"https:\/\/perso.ens-lyon.fr\/ghys\/wp-json\/wp\/v2\/posts\/1599","targetHints":{"allow":["GET"]}}],"collection":[{"href":"https:\/\/perso.ens-lyon.fr\/ghys\/wp-json\/wp\/v2\/posts"}],"about":[{"href":"https:\/\/perso.ens-lyon.fr\/ghys\/wp-json\/wp\/v2\/types\/post"}],"author":[{"embeddable":true,"href":"https:\/\/perso.ens-lyon.fr\/ghys\/wp-json\/wp\/v2\/users\/1"}],"replies":[{"embeddable":true,"href":"https:\/\/perso.ens-lyon.fr\/ghys\/wp-json\/wp\/v2\/comments?post=1599"}],"version-history":[{"count":3,"href":"https:\/\/perso.ens-lyon.fr\/ghys\/wp-json\/wp\/v2\/posts\/1599\/revisions"}],"predecessor-version":[{"id":1602,"href":"https:\/\/perso.ens-lyon.fr\/ghys\/wp-json\/wp\/v2\/posts\/1599\/revisions\/1602"}],"wp:attachment":[{"href":"https:\/\/perso.ens-lyon.fr\/ghys\/wp-json\/wp\/v2\/media?parent=1599"}],"wp:term":[{"taxonomy":"category","embeddable":true,"href":"https:\/\/perso.ens-lyon.fr\/ghys\/wp-json\/wp\/v2\/categories?post=1599"},{"taxonomy":"post_tag","embeddable":true,"href":"https:\/\/perso.ens-lyon.fr\/ghys\/wp-json\/wp\/v2\/tags?post=1599"}],"curies":[{"name":"wp","href":"https:\/\/api.w.org\/{rel}","templated":true}]}}