{"id":2533,"date":"2023-03-27T18:42:53","date_gmt":"2023-03-27T17:42:53","guid":{"rendered":"https:\/\/perso.ens-lyon.fr\/ghys\/?p=2533"},"modified":"2023-03-27T18:43:47","modified_gmt":"2023-03-27T17:43:47","slug":"2533","status":"publish","type":"post","link":"https:\/\/perso.ens-lyon.fr\/ghys\/2023\/03\/27\/2533\/","title":{"rendered":"Andr\u00e9 Haefliger, la passion contagieuse des maths"},"content":{"rendered":"\n<figure class=\"wp-block-embed\"><div class=\"wp-block-embed__wrapper\">\nhttps:\/\/www.lemonde.fr\/sciences\/article\/2023\/03\/22\/andre-haefliger-la-passion-contagieuse-des-maths_6166524_1650684.html\n<\/div><\/figure>\n\n\n\n<p>J\u2019ai \u00e9t\u00e9 invit\u00e9 pour la premi\u00e8re fois \u00e0 pr\u00e9senter mes travaux dans un congr\u00e8s international en juillet&nbsp;1981. Le trac, face \u00e0 des sp\u00e9cialistes impressionnants. Apr\u00e8s ma conf\u00e9rence, un vieux monsieur est venu me voir (je sais maintenant qu\u2019il avait 52&nbsp;ans). Il me f\u00e9licitait chaleureusement pour mon expos\u00e9, mais un point important dans ma d\u00e9monstration lui avait \u00e9chapp\u00e9 et il me demandait des explications. Panique&nbsp;: voulait-il pointer du doigt avec d\u00e9licatesse une erreur de raisonnement&nbsp;? Je r\u00e9pondis que j\u2019utilisais un r\u00e9sultat que j\u2019avais lu dans la th\u00e8se d\u2019Andr\u00e9 Haefliger.<\/p>\n\n\n\n<p>Il se pr\u00e9senta alors, et je compris que j\u2019\u00e9tais face \u00e0 Andr\u00e9 Haefliger, l\u2019un des p\u00e8res fondateurs de la th\u00e9orie des feuilletages que je ch\u00e9rissais \u00e0 l\u2019\u00e9poque. Il n\u2019avait pas oubli\u00e9 sa propre th\u00e8se, mais il tenta de me convaincre (sans succ\u00e8s) que j\u2019avais \u00e9t\u00e9 plus loin que lui dans l\u2019interpr\u00e9tation de son r\u00e9sultat. C\u2019est toujours impressionnant pour un jeune scientifique de se retrouver face \u00e0 l\u2019un de ses h\u00e9ros.<\/p>\n\n\n\n<p>Andr\u00e9 Haefliger est d\u00e9c\u00e9d\u00e9 le 7&nbsp;mars, \u00e0 l\u2019\u00e2ge de 95&nbsp;ans, pr\u00e8s de Gen\u00e8ve, o\u00f9 il a \u00e9t\u00e9 professeur de 1962 \u00e0 sa retraite, en&nbsp;1995. Depuis notre premi\u00e8re rencontre, il a \u00e9t\u00e9 une source d\u2019inspiration et un mod\u00e8le de math\u00e9maticien, \u00e0 la fois comme chercheur, comme animateur de la communaut\u00e9 scientifique, comme enseignant et comme ami. Sa th\u00e8se, soutenue \u00e0 Strasbourg en&nbsp;1958, portait un titre pour le moins \u00e9sot\u00e9rique&nbsp;:&nbsp;<em>\u00ab&nbsp;Structures feuillet\u00e9es et cohomologie \u00e0 valeurs dans un faisceau de groupo\u00efdes&nbsp;\u00bb<\/em>, de quoi faire fuir plus d\u2019un interlocuteur tant elle \u00e9tait exprim\u00e9e dans un langage abstrait, si commun \u00e0 l\u2019\u00e9poque.<\/p>\n\n\n\n<h2 class=\"wp-block-heading\">Dans les montagnes suisses<\/h2>\n\n\n\n<p>Une structure feuillet\u00e9e ressemble \u00e0 vrai dire beaucoup \u00e0 la p\u00e2te feuillet\u00e9e. Il s\u2019agit en effet de remplir l\u2019espace avec des feuilles, comme les pages d\u2019un livre. Cette th\u00e9orie avait vu le jour quelques ann\u00e9es auparavant et tirait sa motivation dans la compr\u00e9hension de la structure des syst\u00e8mes dynamiques. En&nbsp;1969, il inventa le \u00ab&nbsp;classifiant de Haefliger&nbsp;\u00bb, un concept qui enthousiasma la jeune communaut\u00e9 travaillant \u00e0 ces questions. Les g\u00e9om\u00e8tres plus \u00e2g\u00e9s racontent aujourd\u2019hui avec \u00e9motion leurs souvenirs de la pr\u00e9sentation de sa d\u00e9couverte, au sommet du mont Aigoual, dans les C\u00e9vennes, blottis dans une station m\u00e9t\u00e9o qui h\u00e9bergeait un petit centre de conf\u00e9rences. Il faisait para\u00eet-il tr\u00e8s froid, mais l\u2019ambiance \u00e9tait chaleureuse.<\/p>\n\n\n\n<p>Quand il arriva comme professeur \u00e0 l\u2019universit\u00e9 de Gen\u00e8ve, il n\u2019y avait pas de d\u00e9partement de recherche en math\u00e9matiques. Andr\u00e9 racontait toujours qu\u2019il n\u2019avait pas de bureau et qu\u2019il devait aller t\u00e9l\u00e9phoner dans une cabine publique. Il a largement contribu\u00e9 \u00e0 la fondation de la remarquable section de math\u00e9matiques de Gen\u00e8ve, qui abrite en particulier aujourd\u2019hui deux m\u00e9daill\u00e9s Fields. Les plus grands math\u00e9maticiens sont venus du monde entier lui rendre visite, pour partager avec lui leurs d\u00e9couvertes et recevoir ses conseils. Il savait \u00e9couter les jeunes et les encourager \u00e0 travailler ensemble, ce qui n\u2019est pas si commun dans ce milieu.<\/p>\n\n\n\n<p>Je n\u2019\u00e9tais pas pr\u00e9sent au mont Aigoual, mais je ne compte plus les semaines pass\u00e9es dans les montagnes suisses, en groupes d\u2019une vingtaine de jeunes chercheurs, attel\u00e9s \u00e0 la compr\u00e9hension de telle ou telle nouveaut\u00e9 math\u00e9matique. Tout cela dans une atmosph\u00e8re simple, d\u00e9contract\u00e9e et amicale o\u00f9 l\u2019id\u00e9e m\u00eame de comp\u00e9tition \u00e9tait exclue.<\/p>\n\n\n\n<p>Son influence au niveau international est consid\u00e9rable&nbsp;: on ne compte plus ses \u00e9tudiants, les \u00e9tudiants de ses \u00e9tudiants,&nbsp;etc.&nbsp;<a href=\"https:\/\/www.lemonde.fr\/sciences\/article\/2020\/09\/30\/vaughan-jones-faiseur-de-n-uds-et-mathematicien-ultracreatif_6054222_1650684.html\">Vaughan Jones<\/a>, l\u2019un de ses anciens \u00e9l\u00e8ves, a re\u00e7u la m\u00e9daille Fields en&nbsp;1990. On peut dire d\u2019Andr\u00e9, comme on a dit de Monge, qu\u2019<em>\u00ab&nbsp;il ne se contentait pas de faire des d\u00e9couvertes, il faisait aussi des \u00e9l\u00e8ves, ce qui vaut quelquefois mieux&nbsp;\u00bb<\/em>.<\/p>\n","protected":false},"excerpt":{"rendered":"<p>J\u2019ai \u00e9t\u00e9 invit\u00e9 pour la premi\u00e8re fois \u00e0 pr\u00e9senter mes travaux dans un congr\u00e8s international en juillet&nbsp;1981. Le trac, face \u00e0 des sp\u00e9cialistes impressionnants. Apr\u00e8s ma conf\u00e9rence, un vieux monsieur est venu me voir (je sais maintenant qu\u2019il avait 52&nbsp;ans). Il me f\u00e9licitait chaleureusement pour mon expos\u00e9, mais un point important dans ma d\u00e9monstration lui &hellip; <a href=\"https:\/\/perso.ens-lyon.fr\/ghys\/2023\/03\/27\/2533\/\" class=\"more-link\">Continuer la lecture de <span class=\"screen-reader-text\">Andr\u00e9 Haefliger, la passion contagieuse des maths<\/span> <span class=\"meta-nav\">&rarr;<\/span><\/a><\/p>\n","protected":false},"author":1,"featured_media":0,"comment_status":"closed","ping_status":"closed","sticky":false,"template":"","format":"standard","meta":{"_uag_custom_page_level_css":"","ub_ctt_via":"","_exactmetrics_skip_tracking":false,"_exactmetrics_sitenote_active":false,"_exactmetrics_sitenote_note":"","_exactmetrics_sitenote_category":0,"episode_type":"","audio_file":"","cover_image":"","cover_image_id":"","duration":"","filesize":"","date_recorded":"","explicit":"","block":"","itunes_episode_number":"","itunes_title":"","itunes_season_number":"","itunes_episode_type":"","filesize_raw":"","footnotes":""},"categories":[57],"tags":[],"class_list":["post-2533","post","type-post","status-publish","format-standard","hentry","category-le-monde"],"featured_image_src":null,"author_info":{"display_name":"ghys","author_link":"https:\/\/perso.ens-lyon.fr\/ghys\/author\/ghys\/"},"yoast_head":"<!-- This site is optimized with the Yoast SEO plugin v25.4 - https:\/\/yoast.com\/wordpress\/plugins\/seo\/ -->\n<title>Andr\u00e9 Haefliger, la passion contagieuse des maths - \u00c9tienne Ghys<\/title>\n<meta name=\"robots\" content=\"index, follow, max-snippet:-1, max-image-preview:large, max-video-preview:-1\" \/>\n<link rel=\"canonical\" href=\"https:\/\/perso.ens-lyon.fr\/ghys\/2023\/03\/27\/2533\/\" \/>\n<meta property=\"og:locale\" content=\"fr_FR\" \/>\n<meta property=\"og:type\" content=\"article\" \/>\n<meta property=\"og:title\" content=\"Andr\u00e9 Haefliger, la passion contagieuse des maths - \u00c9tienne Ghys\" \/>\n<meta property=\"og:description\" content=\"J\u2019ai \u00e9t\u00e9 invit\u00e9 pour la premi\u00e8re fois \u00e0 pr\u00e9senter mes travaux dans un congr\u00e8s international en juillet&nbsp;1981. Le trac, face \u00e0 des sp\u00e9cialistes impressionnants. Apr\u00e8s ma conf\u00e9rence, un vieux monsieur est venu me voir (je sais maintenant qu\u2019il avait 52&nbsp;ans). Il me f\u00e9licitait chaleureusement pour mon expos\u00e9, mais un point important dans ma d\u00e9monstration lui &hellip; Continuer la lecture de Andr\u00e9 Haefliger, la passion contagieuse des maths &rarr;\" \/>\n<meta property=\"og:url\" content=\"https:\/\/perso.ens-lyon.fr\/ghys\/2023\/03\/27\/2533\/\" \/>\n<meta property=\"og:site_name\" content=\"\u00c9tienne Ghys\" \/>\n<meta property=\"article:published_time\" content=\"2023-03-27T17:42:53+00:00\" \/>\n<meta property=\"article:modified_time\" content=\"2023-03-27T17:43:47+00:00\" \/>\n<meta name=\"author\" content=\"ghys\" \/>\n<meta name=\"twitter:card\" content=\"summary_large_image\" \/>\n<meta name=\"twitter:label1\" content=\"\u00c9crit par\" \/>\n\t<meta name=\"twitter:data1\" content=\"ghys\" \/>\n\t<meta name=\"twitter:label2\" content=\"Dur\u00e9e de lecture estim\u00e9e\" \/>\n\t<meta name=\"twitter:data2\" content=\"4 minutes\" \/>\n<script type=\"application\/ld+json\" class=\"yoast-schema-graph\">{\"@context\":\"https:\/\/schema.org\",\"@graph\":[{\"@type\":\"WebPage\",\"@id\":\"https:\/\/perso.ens-lyon.fr\/ghys\/2023\/03\/27\/2533\/\",\"url\":\"https:\/\/perso.ens-lyon.fr\/ghys\/2023\/03\/27\/2533\/\",\"name\":\"Andr\u00e9 Haefliger, la passion contagieuse des maths - \u00c9tienne Ghys\",\"isPartOf\":{\"@id\":\"https:\/\/perso.ens-lyon.fr\/ghys\/#website\"},\"datePublished\":\"2023-03-27T17:42:53+00:00\",\"dateModified\":\"2023-03-27T17:43:47+00:00\",\"author\":{\"@id\":\"https:\/\/perso.ens-lyon.fr\/ghys\/#\/schema\/person\/069f6bb9d42c992d92bef80c575edce9\"},\"breadcrumb\":{\"@id\":\"https:\/\/perso.ens-lyon.fr\/ghys\/2023\/03\/27\/2533\/#breadcrumb\"},\"inLanguage\":\"fr-FR\",\"potentialAction\":[{\"@type\":\"ReadAction\",\"target\":[\"https:\/\/perso.ens-lyon.fr\/ghys\/2023\/03\/27\/2533\/\"]}]},{\"@type\":\"BreadcrumbList\",\"@id\":\"https:\/\/perso.ens-lyon.fr\/ghys\/2023\/03\/27\/2533\/#breadcrumb\",\"itemListElement\":[{\"@type\":\"ListItem\",\"position\":1,\"name\":\"Accueil\",\"item\":\"https:\/\/perso.ens-lyon.fr\/ghys\/accueil\/\"},{\"@type\":\"ListItem\",\"position\":2,\"name\":\"Andr\u00e9 Haefliger, la passion contagieuse des maths\"}]},{\"@type\":\"WebSite\",\"@id\":\"https:\/\/perso.ens-lyon.fr\/ghys\/#website\",\"url\":\"https:\/\/perso.ens-lyon.fr\/ghys\/\",\"name\":\"\u00c9tienne Ghys\",\"description\":\"\",\"potentialAction\":[{\"@type\":\"SearchAction\",\"target\":{\"@type\":\"EntryPoint\",\"urlTemplate\":\"https:\/\/perso.ens-lyon.fr\/ghys\/?s={search_term_string}\"},\"query-input\":{\"@type\":\"PropertyValueSpecification\",\"valueRequired\":true,\"valueName\":\"search_term_string\"}}],\"inLanguage\":\"fr-FR\"},{\"@type\":\"Person\",\"@id\":\"https:\/\/perso.ens-lyon.fr\/ghys\/#\/schema\/person\/069f6bb9d42c992d92bef80c575edce9\",\"name\":\"ghys\",\"image\":{\"@type\":\"ImageObject\",\"inLanguage\":\"fr-FR\",\"@id\":\"https:\/\/perso.ens-lyon.fr\/ghys\/#\/schema\/person\/image\/\",\"url\":\"https:\/\/secure.gravatar.com\/avatar\/4482fb1bb546b94acf8ae35749ecbb87a8515a7bdaf0a461022cdc80db4db941?s=96&d=mm&r=g\",\"contentUrl\":\"https:\/\/secure.gravatar.com\/avatar\/4482fb1bb546b94acf8ae35749ecbb87a8515a7bdaf0a461022cdc80db4db941?s=96&d=mm&r=g\",\"caption\":\"ghys\"},\"url\":\"https:\/\/perso.ens-lyon.fr\/ghys\/author\/ghys\/\"}]}<\/script>\n<!-- \/ Yoast SEO plugin. -->","yoast_head_json":{"title":"Andr\u00e9 Haefliger, la passion contagieuse des maths - \u00c9tienne Ghys","robots":{"index":"index","follow":"follow","max-snippet":"max-snippet:-1","max-image-preview":"max-image-preview:large","max-video-preview":"max-video-preview:-1"},"canonical":"https:\/\/perso.ens-lyon.fr\/ghys\/2023\/03\/27\/2533\/","og_locale":"fr_FR","og_type":"article","og_title":"Andr\u00e9 Haefliger, la passion contagieuse des maths - \u00c9tienne Ghys","og_description":"J\u2019ai \u00e9t\u00e9 invit\u00e9 pour la premi\u00e8re fois \u00e0 pr\u00e9senter mes travaux dans un congr\u00e8s international en juillet&nbsp;1981. Le trac, face \u00e0 des sp\u00e9cialistes impressionnants. Apr\u00e8s ma conf\u00e9rence, un vieux monsieur est venu me voir (je sais maintenant qu\u2019il avait 52&nbsp;ans). Il me f\u00e9licitait chaleureusement pour mon expos\u00e9, mais un point important dans ma d\u00e9monstration lui &hellip; Continuer la lecture de Andr\u00e9 Haefliger, la passion contagieuse des maths &rarr;","og_url":"https:\/\/perso.ens-lyon.fr\/ghys\/2023\/03\/27\/2533\/","og_site_name":"\u00c9tienne Ghys","article_published_time":"2023-03-27T17:42:53+00:00","article_modified_time":"2023-03-27T17:43:47+00:00","author":"ghys","twitter_card":"summary_large_image","twitter_misc":{"\u00c9crit par":"ghys","Dur\u00e9e de lecture estim\u00e9e":"4 minutes"},"schema":{"@context":"https:\/\/schema.org","@graph":[{"@type":"WebPage","@id":"https:\/\/perso.ens-lyon.fr\/ghys\/2023\/03\/27\/2533\/","url":"https:\/\/perso.ens-lyon.fr\/ghys\/2023\/03\/27\/2533\/","name":"Andr\u00e9 Haefliger, la passion contagieuse des maths - \u00c9tienne Ghys","isPartOf":{"@id":"https:\/\/perso.ens-lyon.fr\/ghys\/#website"},"datePublished":"2023-03-27T17:42:53+00:00","dateModified":"2023-03-27T17:43:47+00:00","author":{"@id":"https:\/\/perso.ens-lyon.fr\/ghys\/#\/schema\/person\/069f6bb9d42c992d92bef80c575edce9"},"breadcrumb":{"@id":"https:\/\/perso.ens-lyon.fr\/ghys\/2023\/03\/27\/2533\/#breadcrumb"},"inLanguage":"fr-FR","potentialAction":[{"@type":"ReadAction","target":["https:\/\/perso.ens-lyon.fr\/ghys\/2023\/03\/27\/2533\/"]}]},{"@type":"BreadcrumbList","@id":"https:\/\/perso.ens-lyon.fr\/ghys\/2023\/03\/27\/2533\/#breadcrumb","itemListElement":[{"@type":"ListItem","position":1,"name":"Accueil","item":"https:\/\/perso.ens-lyon.fr\/ghys\/accueil\/"},{"@type":"ListItem","position":2,"name":"Andr\u00e9 Haefliger, la passion contagieuse des maths"}]},{"@type":"WebSite","@id":"https:\/\/perso.ens-lyon.fr\/ghys\/#website","url":"https:\/\/perso.ens-lyon.fr\/ghys\/","name":"\u00c9tienne Ghys","description":"","potentialAction":[{"@type":"SearchAction","target":{"@type":"EntryPoint","urlTemplate":"https:\/\/perso.ens-lyon.fr\/ghys\/?s={search_term_string}"},"query-input":{"@type":"PropertyValueSpecification","valueRequired":true,"valueName":"search_term_string"}}],"inLanguage":"fr-FR"},{"@type":"Person","@id":"https:\/\/perso.ens-lyon.fr\/ghys\/#\/schema\/person\/069f6bb9d42c992d92bef80c575edce9","name":"ghys","image":{"@type":"ImageObject","inLanguage":"fr-FR","@id":"https:\/\/perso.ens-lyon.fr\/ghys\/#\/schema\/person\/image\/","url":"https:\/\/secure.gravatar.com\/avatar\/4482fb1bb546b94acf8ae35749ecbb87a8515a7bdaf0a461022cdc80db4db941?s=96&d=mm&r=g","contentUrl":"https:\/\/secure.gravatar.com\/avatar\/4482fb1bb546b94acf8ae35749ecbb87a8515a7bdaf0a461022cdc80db4db941?s=96&d=mm&r=g","caption":"ghys"},"url":"https:\/\/perso.ens-lyon.fr\/ghys\/author\/ghys\/"}]}},"uagb_featured_image_src":{"full":false,"thumbnail":false,"medium":false,"medium_large":false,"large":false,"1536x1536":false,"2048x2048":false,"post-thumbnail":false},"uagb_author_info":{"display_name":"ghys","author_link":"https:\/\/perso.ens-lyon.fr\/ghys\/author\/ghys\/"},"uagb_comment_info":0,"uagb_excerpt":"J\u2019ai \u00e9t\u00e9 invit\u00e9 pour la premi\u00e8re fois \u00e0 pr\u00e9senter mes travaux dans un congr\u00e8s international en juillet&nbsp;1981. Le trac, face \u00e0 des sp\u00e9cialistes impressionnants. Apr\u00e8s ma conf\u00e9rence, un vieux monsieur est venu me voir (je sais maintenant qu\u2019il avait 52&nbsp;ans). Il me f\u00e9licitait chaleureusement pour mon expos\u00e9, mais un point important dans ma d\u00e9monstration lui\u2026","_links":{"self":[{"href":"https:\/\/perso.ens-lyon.fr\/ghys\/wp-json\/wp\/v2\/posts\/2533","targetHints":{"allow":["GET"]}}],"collection":[{"href":"https:\/\/perso.ens-lyon.fr\/ghys\/wp-json\/wp\/v2\/posts"}],"about":[{"href":"https:\/\/perso.ens-lyon.fr\/ghys\/wp-json\/wp\/v2\/types\/post"}],"author":[{"embeddable":true,"href":"https:\/\/perso.ens-lyon.fr\/ghys\/wp-json\/wp\/v2\/users\/1"}],"replies":[{"embeddable":true,"href":"https:\/\/perso.ens-lyon.fr\/ghys\/wp-json\/wp\/v2\/comments?post=2533"}],"version-history":[{"count":2,"href":"https:\/\/perso.ens-lyon.fr\/ghys\/wp-json\/wp\/v2\/posts\/2533\/revisions"}],"predecessor-version":[{"id":2535,"href":"https:\/\/perso.ens-lyon.fr\/ghys\/wp-json\/wp\/v2\/posts\/2533\/revisions\/2535"}],"wp:attachment":[{"href":"https:\/\/perso.ens-lyon.fr\/ghys\/wp-json\/wp\/v2\/media?parent=2533"}],"wp:term":[{"taxonomy":"category","embeddable":true,"href":"https:\/\/perso.ens-lyon.fr\/ghys\/wp-json\/wp\/v2\/categories?post=2533"},{"taxonomy":"post_tag","embeddable":true,"href":"https:\/\/perso.ens-lyon.fr\/ghys\/wp-json\/wp\/v2\/tags?post=2533"}],"curies":[{"name":"wp","href":"https:\/\/api.w.org\/{rel}","templated":true}]}}