{"id":2608,"date":"2023-09-30T10:51:54","date_gmt":"2023-09-30T09:51:54","guid":{"rendered":"https:\/\/perso.ens-lyon.fr\/ghys\/?p=2608"},"modified":"2023-09-30T10:51:56","modified_gmt":"2023-09-30T09:51:56","slug":"rene-thom-catastrophe-theorist-in-the-spotlight","status":"publish","type":"post","link":"https:\/\/perso.ens-lyon.fr\/ghys\/2023\/09\/30\/rene-thom-catastrophe-theorist-in-the-spotlight\/","title":{"rendered":"Ren\u00e9 Thom, catastrophe theorist, in the spotlight"},"content":{"rendered":"\n<p><br>https:\/\/www.lemonde.fr\/sciences\/article\/2023\/09\/27\/rene-thom-theoricien-des-catastrophes-a-l-honneur_6191211_1650684.html<\/p>\n\n\n\n<p>To mark the centenary of the birth of the mathematician and 1958 Fields Medal winner, the Acad\u00e9mie des Sciences and the Institut des Hautes \u00c9tudes Scientifiques paid tribute to him. Etienne Ghys, also a mathematician, looks back at the intellectual legacy of this extraordinary geometer, in his \u00ab\u00a0carte blanche\u00a0\u00bb with Le Monde.<\/p>\n\n\n\n<p>\u00ab\u00a0At a time when so many scientists are calculating all over the world, isn&rsquo;t it desirable for those who can to dream? So concludes Ren\u00e9 Thom&rsquo;s (1923-2002) book Stabilit\u00e9 structurelle et morphogen\u00e8se, written in 1972. The author is one of the most influential mathematicians of the 20th century. To mark the centenary of his birth, two symposia at the Acad\u00e9mie des Sciences and the Institut des Hautes \u00c9tudes Scientifiques have just reviewed the intellectual legacy of this outstanding geometer.<\/p>\n\n\n\n<p>A dreamer, no doubt. When he was preparing his thesis, his mentor, Henri Cartan, had a hard time channelling him. He wrote to him, for example: \u00ab\u00a0Refrain from stating theorems that are not only unproven, but whose statement does not even have a clearly defined meaning.\u00a0\u00bb A colleague of Henri Cartan&rsquo;s explained that a dozen mathematicians could provide the missing demonstrations, but that only Ren\u00e9 Thom was capable of imagining such incredibly innovative statements. The thesis was defended in 1951, and Ren\u00e9 Thom was awarded the Fields Medal in 1958 for his discoveries in the field of differential topology, of which he was one of the pioneers. The medal was a great shock to him. He explained that he didn&rsquo;t think he deserved it, which is not what medal winners usually think.<\/p>\n\n\n\n<p>He decided to go in a different direction, one that could be described as \u00ab\u00a0more applied\u00a0\u00bb. He postulated that, in general, a system (e.g. physical or biological) is in a stable state, and that at certain very particular moments it goes through what he called \u00ab\u00a0singular\u00a0\u00bb or \u00ab\u00a0catastrophic\u00a0\u00bb situations, jumping very rapidly from one domain of stability to another. It was therefore necessary to understand the nature of these singularities, and this was the birth of \u00ab\u00a0catastrophe theory\u00a0\u00bb, which enjoyed immense success in the 1970s.<\/p>\n\n\n\n<p class=\"has-medium-font-size\"><strong>A question of boundary<\/strong><\/p>\n\n\n\n<p>Thom lists seven elementary catastrophes with poetic names: \u00ab\u00a0fold\u00a0\u00bb, \u00ab\u00a0pucker\u00a0\u00bb, \u00ab\u00a0dovetail\u00a0\u00bb, \u00ab\u00a0butterfly\u00a0\u00bb, \u00ab\u00a0elliptical umbilicus\u00a0\u00bb, \u00ab\u00a0parabolic\u00a0\u00bb or \u00ab\u00a0hyperbolic\u00a0\u00bb. The English mathematician Erik Christopher Zeeman extended the field of application to increasingly varied situations: prison riots, dog aggression, stock market crashes and so on.<\/p>\n\n\n\n<p>Many criticisms were levelled at this theory, and Thom analyzed them seriously, often acknowledging their validity. For example, he was criticized for failing to take into account the existence of chaotic dynamics (the theory of which was then being developed), or for having built a tool for understanding but not for predicting. He questioned the need for experimental validation in science, which led to violent, but often justified, reactions from biologists. His book Prediction is not an explanation (1991) examines all these issues with honesty and serenity.<\/p>\n\n\n\n<p>Today, the concepts introduced by Thom, such as structural stability, genericity (the fact that a property applies to the general case) and transversality, are so important that they have entered the subconscious of all mathematicians.<\/p>\n\n\n\n<p>Later, he turned to the philosophy of Aristotle. He recognized many aspects of this philosophy, such as defining an object or an idea through its edge. His thesis had already developed a theory of \u00ab\u00a0cobordism\u00a0\u00bb, and his catastrophes are nothing more than crossings of the edge of a domain of stability. In truth,\u00a0\u00bb he writes, \u00ab\u00a0there is a real unity in my thinking. I can only see it now, after much reflection, on a philosophical level. And I find this unity in the notion of the edge.<\/p>\n\n\n\n<p>Salvador Dali&rsquo;s last four paintings, in 1983, are Hommages \u00e0 Ren\u00e9 Thom.<\/p>\n","protected":false},"excerpt":{"rendered":"<p>https:\/\/www.lemonde.fr\/sciences\/article\/2023\/09\/27\/rene-thom-theoricien-des-catastrophes-a-l-honneur_6191211_1650684.html To mark the centenary of the birth of the mathematician and 1958 Fields Medal winner, the Acad\u00e9mie des Sciences and the Institut des Hautes \u00c9tudes Scientifiques paid tribute to him. Etienne Ghys, also a mathematician, looks back at the intellectual legacy of this extraordinary geometer, in his \u00ab\u00a0carte blanche\u00a0\u00bb with Le Monde. \u00ab\u00a0At a &hellip; <a href=\"https:\/\/perso.ens-lyon.fr\/ghys\/2023\/09\/30\/rene-thom-catastrophe-theorist-in-the-spotlight\/\" class=\"more-link\">Continuer la lecture de <span class=\"screen-reader-text\">Ren\u00e9 Thom, catastrophe theorist, in the spotlight<\/span> <span class=\"meta-nav\">&rarr;<\/span><\/a><\/p>\n","protected":false},"author":1,"featured_media":0,"comment_status":"closed","ping_status":"closed","sticky":false,"template":"","format":"standard","meta":{"_uag_custom_page_level_css":"","ub_ctt_via":"","_exactmetrics_skip_tracking":false,"_exactmetrics_sitenote_active":false,"_exactmetrics_sitenote_note":"","_exactmetrics_sitenote_category":0,"episode_type":"","audio_file":"","cover_image":"","cover_image_id":"","duration":"","filesize":"","date_recorded":"","explicit":"","block":"","itunes_episode_number":"","itunes_title":"","itunes_season_number":"","itunes_episode_type":"","filesize_raw":"","footnotes":""},"categories":[78],"tags":[],"class_list":["post-2608","post","type-post","status-publish","format-standard","hentry","category-le-monde-en"],"featured_image_src":null,"author_info":{"display_name":"ghys","author_link":"https:\/\/perso.ens-lyon.fr\/ghys\/author\/ghys\/"},"yoast_head":"<!-- This site is optimized with the Yoast SEO plugin v25.4 - https:\/\/yoast.com\/wordpress\/plugins\/seo\/ -->\n<title>Ren\u00e9 Thom, catastrophe theorist, in the spotlight - \u00c9tienne Ghys<\/title>\n<meta name=\"robots\" content=\"index, follow, max-snippet:-1, max-image-preview:large, max-video-preview:-1\" \/>\n<link rel=\"canonical\" href=\"https:\/\/perso.ens-lyon.fr\/ghys\/2023\/09\/30\/rene-thom-catastrophe-theorist-in-the-spotlight\/\" \/>\n<meta property=\"og:locale\" content=\"fr_FR\" \/>\n<meta property=\"og:type\" content=\"article\" \/>\n<meta property=\"og:title\" content=\"Ren\u00e9 Thom, catastrophe theorist, in the spotlight - \u00c9tienne Ghys\" \/>\n<meta property=\"og:description\" content=\"https:\/\/www.lemonde.fr\/sciences\/article\/2023\/09\/27\/rene-thom-theoricien-des-catastrophes-a-l-honneur_6191211_1650684.html To mark the centenary of the birth of the mathematician and 1958 Fields Medal winner, the Acad\u00e9mie des Sciences and the Institut des Hautes \u00c9tudes Scientifiques paid tribute to him. Etienne Ghys, also a mathematician, looks back at the intellectual legacy of this extraordinary geometer, in his \u00ab\u00a0carte blanche\u00a0\u00bb with Le Monde. \u00ab\u00a0At a &hellip; Continuer la lecture de Ren\u00e9 Thom, catastrophe theorist, in the spotlight &rarr;\" \/>\n<meta property=\"og:url\" content=\"https:\/\/perso.ens-lyon.fr\/ghys\/2023\/09\/30\/rene-thom-catastrophe-theorist-in-the-spotlight\/\" \/>\n<meta property=\"og:site_name\" content=\"\u00c9tienne Ghys\" \/>\n<meta property=\"article:published_time\" content=\"2023-09-30T09:51:54+00:00\" \/>\n<meta property=\"article:modified_time\" content=\"2023-09-30T09:51:56+00:00\" \/>\n<meta name=\"author\" content=\"ghys\" \/>\n<meta name=\"twitter:card\" content=\"summary_large_image\" \/>\n<meta name=\"twitter:label1\" content=\"\u00c9crit par\" \/>\n\t<meta name=\"twitter:data1\" content=\"ghys\" \/>\n\t<meta name=\"twitter:label2\" content=\"Dur\u00e9e de lecture estim\u00e9e\" \/>\n\t<meta name=\"twitter:data2\" content=\"3 minutes\" \/>\n<script type=\"application\/ld+json\" class=\"yoast-schema-graph\">{\"@context\":\"https:\/\/schema.org\",\"@graph\":[{\"@type\":\"WebPage\",\"@id\":\"https:\/\/perso.ens-lyon.fr\/ghys\/2023\/09\/30\/rene-thom-catastrophe-theorist-in-the-spotlight\/\",\"url\":\"https:\/\/perso.ens-lyon.fr\/ghys\/2023\/09\/30\/rene-thom-catastrophe-theorist-in-the-spotlight\/\",\"name\":\"Ren\u00e9 Thom, catastrophe theorist, in the spotlight - \u00c9tienne Ghys\",\"isPartOf\":{\"@id\":\"https:\/\/perso.ens-lyon.fr\/ghys\/#website\"},\"datePublished\":\"2023-09-30T09:51:54+00:00\",\"dateModified\":\"2023-09-30T09:51:56+00:00\",\"author\":{\"@id\":\"https:\/\/perso.ens-lyon.fr\/ghys\/#\/schema\/person\/069f6bb9d42c992d92bef80c575edce9\"},\"breadcrumb\":{\"@id\":\"https:\/\/perso.ens-lyon.fr\/ghys\/2023\/09\/30\/rene-thom-catastrophe-theorist-in-the-spotlight\/#breadcrumb\"},\"inLanguage\":\"fr-FR\",\"potentialAction\":[{\"@type\":\"ReadAction\",\"target\":[\"https:\/\/perso.ens-lyon.fr\/ghys\/2023\/09\/30\/rene-thom-catastrophe-theorist-in-the-spotlight\/\"]}]},{\"@type\":\"BreadcrumbList\",\"@id\":\"https:\/\/perso.ens-lyon.fr\/ghys\/2023\/09\/30\/rene-thom-catastrophe-theorist-in-the-spotlight\/#breadcrumb\",\"itemListElement\":[{\"@type\":\"ListItem\",\"position\":1,\"name\":\"Accueil\",\"item\":\"https:\/\/perso.ens-lyon.fr\/ghys\/accueil\/\"},{\"@type\":\"ListItem\",\"position\":2,\"name\":\"Ren\u00e9 Thom, catastrophe theorist, in the spotlight\"}]},{\"@type\":\"WebSite\",\"@id\":\"https:\/\/perso.ens-lyon.fr\/ghys\/#website\",\"url\":\"https:\/\/perso.ens-lyon.fr\/ghys\/\",\"name\":\"\u00c9tienne Ghys\",\"description\":\"\",\"potentialAction\":[{\"@type\":\"SearchAction\",\"target\":{\"@type\":\"EntryPoint\",\"urlTemplate\":\"https:\/\/perso.ens-lyon.fr\/ghys\/?s={search_term_string}\"},\"query-input\":{\"@type\":\"PropertyValueSpecification\",\"valueRequired\":true,\"valueName\":\"search_term_string\"}}],\"inLanguage\":\"fr-FR\"},{\"@type\":\"Person\",\"@id\":\"https:\/\/perso.ens-lyon.fr\/ghys\/#\/schema\/person\/069f6bb9d42c992d92bef80c575edce9\",\"name\":\"ghys\",\"image\":{\"@type\":\"ImageObject\",\"inLanguage\":\"fr-FR\",\"@id\":\"https:\/\/perso.ens-lyon.fr\/ghys\/#\/schema\/person\/image\/\",\"url\":\"https:\/\/secure.gravatar.com\/avatar\/4482fb1bb546b94acf8ae35749ecbb87a8515a7bdaf0a461022cdc80db4db941?s=96&d=mm&r=g\",\"contentUrl\":\"https:\/\/secure.gravatar.com\/avatar\/4482fb1bb546b94acf8ae35749ecbb87a8515a7bdaf0a461022cdc80db4db941?s=96&d=mm&r=g\",\"caption\":\"ghys\"},\"url\":\"https:\/\/perso.ens-lyon.fr\/ghys\/author\/ghys\/\"}]}<\/script>\n<!-- \/ Yoast SEO plugin. -->","yoast_head_json":{"title":"Ren\u00e9 Thom, catastrophe theorist, in the spotlight - \u00c9tienne Ghys","robots":{"index":"index","follow":"follow","max-snippet":"max-snippet:-1","max-image-preview":"max-image-preview:large","max-video-preview":"max-video-preview:-1"},"canonical":"https:\/\/perso.ens-lyon.fr\/ghys\/2023\/09\/30\/rene-thom-catastrophe-theorist-in-the-spotlight\/","og_locale":"fr_FR","og_type":"article","og_title":"Ren\u00e9 Thom, catastrophe theorist, in the spotlight - \u00c9tienne Ghys","og_description":"https:\/\/www.lemonde.fr\/sciences\/article\/2023\/09\/27\/rene-thom-theoricien-des-catastrophes-a-l-honneur_6191211_1650684.html To mark the centenary of the birth of the mathematician and 1958 Fields Medal winner, the Acad\u00e9mie des Sciences and the Institut des Hautes \u00c9tudes Scientifiques paid tribute to him. Etienne Ghys, also a mathematician, looks back at the intellectual legacy of this extraordinary geometer, in his \u00ab\u00a0carte blanche\u00a0\u00bb with Le Monde. \u00ab\u00a0At a &hellip; Continuer la lecture de Ren\u00e9 Thom, catastrophe theorist, in the spotlight &rarr;","og_url":"https:\/\/perso.ens-lyon.fr\/ghys\/2023\/09\/30\/rene-thom-catastrophe-theorist-in-the-spotlight\/","og_site_name":"\u00c9tienne Ghys","article_published_time":"2023-09-30T09:51:54+00:00","article_modified_time":"2023-09-30T09:51:56+00:00","author":"ghys","twitter_card":"summary_large_image","twitter_misc":{"\u00c9crit par":"ghys","Dur\u00e9e de lecture estim\u00e9e":"3 minutes"},"schema":{"@context":"https:\/\/schema.org","@graph":[{"@type":"WebPage","@id":"https:\/\/perso.ens-lyon.fr\/ghys\/2023\/09\/30\/rene-thom-catastrophe-theorist-in-the-spotlight\/","url":"https:\/\/perso.ens-lyon.fr\/ghys\/2023\/09\/30\/rene-thom-catastrophe-theorist-in-the-spotlight\/","name":"Ren\u00e9 Thom, catastrophe theorist, in the spotlight - \u00c9tienne Ghys","isPartOf":{"@id":"https:\/\/perso.ens-lyon.fr\/ghys\/#website"},"datePublished":"2023-09-30T09:51:54+00:00","dateModified":"2023-09-30T09:51:56+00:00","author":{"@id":"https:\/\/perso.ens-lyon.fr\/ghys\/#\/schema\/person\/069f6bb9d42c992d92bef80c575edce9"},"breadcrumb":{"@id":"https:\/\/perso.ens-lyon.fr\/ghys\/2023\/09\/30\/rene-thom-catastrophe-theorist-in-the-spotlight\/#breadcrumb"},"inLanguage":"fr-FR","potentialAction":[{"@type":"ReadAction","target":["https:\/\/perso.ens-lyon.fr\/ghys\/2023\/09\/30\/rene-thom-catastrophe-theorist-in-the-spotlight\/"]}]},{"@type":"BreadcrumbList","@id":"https:\/\/perso.ens-lyon.fr\/ghys\/2023\/09\/30\/rene-thom-catastrophe-theorist-in-the-spotlight\/#breadcrumb","itemListElement":[{"@type":"ListItem","position":1,"name":"Accueil","item":"https:\/\/perso.ens-lyon.fr\/ghys\/accueil\/"},{"@type":"ListItem","position":2,"name":"Ren\u00e9 Thom, catastrophe theorist, in the spotlight"}]},{"@type":"WebSite","@id":"https:\/\/perso.ens-lyon.fr\/ghys\/#website","url":"https:\/\/perso.ens-lyon.fr\/ghys\/","name":"\u00c9tienne Ghys","description":"","potentialAction":[{"@type":"SearchAction","target":{"@type":"EntryPoint","urlTemplate":"https:\/\/perso.ens-lyon.fr\/ghys\/?s={search_term_string}"},"query-input":{"@type":"PropertyValueSpecification","valueRequired":true,"valueName":"search_term_string"}}],"inLanguage":"fr-FR"},{"@type":"Person","@id":"https:\/\/perso.ens-lyon.fr\/ghys\/#\/schema\/person\/069f6bb9d42c992d92bef80c575edce9","name":"ghys","image":{"@type":"ImageObject","inLanguage":"fr-FR","@id":"https:\/\/perso.ens-lyon.fr\/ghys\/#\/schema\/person\/image\/","url":"https:\/\/secure.gravatar.com\/avatar\/4482fb1bb546b94acf8ae35749ecbb87a8515a7bdaf0a461022cdc80db4db941?s=96&d=mm&r=g","contentUrl":"https:\/\/secure.gravatar.com\/avatar\/4482fb1bb546b94acf8ae35749ecbb87a8515a7bdaf0a461022cdc80db4db941?s=96&d=mm&r=g","caption":"ghys"},"url":"https:\/\/perso.ens-lyon.fr\/ghys\/author\/ghys\/"}]}},"uagb_featured_image_src":{"full":false,"thumbnail":false,"medium":false,"medium_large":false,"large":false,"1536x1536":false,"2048x2048":false,"post-thumbnail":false},"uagb_author_info":{"display_name":"ghys","author_link":"https:\/\/perso.ens-lyon.fr\/ghys\/author\/ghys\/"},"uagb_comment_info":0,"uagb_excerpt":"https:\/\/www.lemonde.fr\/sciences\/article\/2023\/09\/27\/rene-thom-theoricien-des-catastrophes-a-l-honneur_6191211_1650684.html To mark the centenary of the birth of the mathematician and 1958 Fields Medal winner, the Acad\u00e9mie des Sciences and the Institut des Hautes \u00c9tudes Scientifiques paid tribute to him. Etienne Ghys, also a mathematician, looks back at the intellectual legacy of this extraordinary geometer, in his \u00ab\u00a0carte blanche\u00a0\u00bb with Le Monde. \u00ab\u00a0At a\u2026","_links":{"self":[{"href":"https:\/\/perso.ens-lyon.fr\/ghys\/wp-json\/wp\/v2\/posts\/2608","targetHints":{"allow":["GET"]}}],"collection":[{"href":"https:\/\/perso.ens-lyon.fr\/ghys\/wp-json\/wp\/v2\/posts"}],"about":[{"href":"https:\/\/perso.ens-lyon.fr\/ghys\/wp-json\/wp\/v2\/types\/post"}],"author":[{"embeddable":true,"href":"https:\/\/perso.ens-lyon.fr\/ghys\/wp-json\/wp\/v2\/users\/1"}],"replies":[{"embeddable":true,"href":"https:\/\/perso.ens-lyon.fr\/ghys\/wp-json\/wp\/v2\/comments?post=2608"}],"version-history":[{"count":1,"href":"https:\/\/perso.ens-lyon.fr\/ghys\/wp-json\/wp\/v2\/posts\/2608\/revisions"}],"predecessor-version":[{"id":2609,"href":"https:\/\/perso.ens-lyon.fr\/ghys\/wp-json\/wp\/v2\/posts\/2608\/revisions\/2609"}],"wp:attachment":[{"href":"https:\/\/perso.ens-lyon.fr\/ghys\/wp-json\/wp\/v2\/media?parent=2608"}],"wp:term":[{"taxonomy":"category","embeddable":true,"href":"https:\/\/perso.ens-lyon.fr\/ghys\/wp-json\/wp\/v2\/categories?post=2608"},{"taxonomy":"post_tag","embeddable":true,"href":"https:\/\/perso.ens-lyon.fr\/ghys\/wp-json\/wp\/v2\/tags?post=2608"}],"curies":[{"name":"wp","href":"https:\/\/api.w.org\/{rel}","templated":true}]}}